{"id":2282,"date":"2017-03-28T12:50:20","date_gmt":"2017-03-28T10:50:20","guid":{"rendered":"http:\/\/waldertrueb.ch\/web\/?p=2282"},"modified":"2017-04-21T13:55:52","modified_gmt":"2017-04-21T11:55:52","slug":"cafm-lifecycle-management-energie","status":"publish","type":"post","link":"https:\/\/waldertrueb.ch\/fr\/cafm-lifecycle-management-energie\/","title":{"rendered":"Lifecycle-Management Energie"},"content":{"rendered":"\n<style type=\"text\/css\" data-created_by=\"avia_inline_auto\" id=\"style-css-av-av_section-0ce92e89eefb25b1d53800833c82e676\">\n.avia-section.av-av_section-0ce92e89eefb25b1d53800833c82e676{\nbackground-repeat:no-repeat;\nbackground-image:url(https:\/\/waldertrueb.ch\/web\/wp-content\/uploads\/2016\/11\/Definitv_ohnepunkte.jpg);\nbackground-position:0% 0%;\nbackground-attachment:scroll;\n}\n<\/style>\n<div id='av_section_1'  class='avia-section av-av_section-0ce92e89eefb25b1d53800833c82e676 main_color avia-section-no-padding avia-no-border-styling  avia-builder-el-0  el_before_av_two_third  avia-builder-el-first  avia-bg-style-scroll av-minimum-height av-minimum-height-custom  container_wrap fullsize'  data-section-bg-repeat='no-repeat'><div class='container av-section-cont-open' style='height:135px'><main  role=\"main\" itemprop=\"mainContentOfPage\"  class='template-page content  av-content-full alpha units'><div class='post-entry post-entry-type-page post-entry-2282'><div class='entry-content-wrapper clearfix'>\n\n<style type=\"text\/css\" data-created_by=\"avia_inline_auto\" id=\"style-css-av-av_one_full-6126cab7d8fab8d08143dd2dacdf673c\">\n.flex_column.av-av_one_full-6126cab7d8fab8d08143dd2dacdf673c{\nborder-radius:0px 0px 0px 0px;\n-webkit-border-radius:0px 0px 0px 0px;\n-moz-border-radius:0px 0px 0px 0px;\n}\n<\/style>\n<div class='flex_column av-av_one_full-6126cab7d8fab8d08143dd2dacdf673c av_one_full  avia-builder-el-1  avia-builder-el-no-sibling  first flex_column_div av-zero-column-padding '   ><style type=\"text\/css\" data-created_by=\"avia_inline_auto\" id=\"style-css-av-av_heading-a816810082c47f679933f60f7b17fef2\">\n#top .av-special-heading.av-av_heading-a816810082c47f679933f60f7b17fef2{\npadding-bottom:10px;\n}\nbody .av-special-heading.av-av_heading-a816810082c47f679933f60f7b17fef2 .av-special-heading-tag .heading-char{\nfont-size:25px;\n}\n.av-special-heading.av-av_heading-a816810082c47f679933f60f7b17fef2 .av-subheading{\nfont-size:15px;\n}\n<\/style>\n<div  class='av-special-heading av-av_heading-a816810082c47f679933f60f7b17fef2 av-special-heading-h1 blockquote modern-quote  avia-builder-el-2  avia-builder-el-no-sibling '><h1 class='av-special-heading-tag'  itemprop=\"headline\"  >Lifecycle-Management Energie<\/h1><div class='av-subheading av-subheading_below'><p>CAFM | Energiedaten<\/p>\n<\/div><div class=\"special-heading-border\"><div class=\"special-heading-inner-border\"><\/div><\/div><\/div><\/div>\n<\/div><\/div><\/main><!-- close content main element --><\/div><\/div><div id='after_section_1'  class='main_color av_default_container_wrap container_wrap fullsize'  ><div class='container av-section-cont-open' ><div class='template-page content  av-content-full alpha units'><div class='post-entry post-entry-type-page post-entry-2282'><div class='entry-content-wrapper clearfix'>\n\n<style type=\"text\/css\" data-created_by=\"avia_inline_auto\" id=\"style-css-av-av_two_third-6126cab7d8fab8d08143dd2dacdf673c\">\n.flex_column.av-av_two_third-6126cab7d8fab8d08143dd2dacdf673c{\nborder-radius:0px 0px 0px 0px;\n-webkit-border-radius:0px 0px 0px 0px;\n-moz-border-radius:0px 0px 0px 0px;\n}\n<\/style>\n<div class='flex_column av-av_two_third-6126cab7d8fab8d08143dd2dacdf673c av_two_third  avia-builder-el-3  el_after_av_section  el_before_av_one_third  avia-builder-el-first  first flex_column_div av-zero-column-padding '   ><p><section  class='av_textblock_section av-av_textblock-35972167d9f102c5ddaec0c531c98b9e'  itemscope=\"itemscope\" itemtype=\"https:\/\/schema.org\/BlogPosting\" itemprop=\"blogPost\" ><div class='avia_textblock'  itemprop=\"text\" ><p><strong>Innerhalb des Lifecycle Managements wird die gesamte Nutzungsphase von Geb\u00e4udeteilen oder Anlagen hinsichtlich Effizienz und Kosten, sowie deren Verschleiss und Alterung betrachtet. Je nach Branche sind die Energiekosten mittlerweile so hoch, dass ein schlechtes energetisches Verhalten auch ein Austauschkriterium sein kann, um die Anforderungen nach Wirtschaftlichkeit und Kostenoptimierungen zu erf\u00fcllen.<\/strong><\/p>\n<p><strong>\u00a0<\/strong><\/p>\n<\/div><\/section><br \/>\n\n<style type=\"text\/css\" data-created_by=\"avia_inline_auto\" id=\"style-css-av-av_image-debd90d2c58f8ee38bab16afae4852a1\">\n.avia-image-container.av-av_image-debd90d2c58f8ee38bab16afae4852a1 .av-image-caption-overlay-center{\ncolor:#ffffff;\n}\n<\/style>\n<div  class='avia-image-container av-av_image-debd90d2c58f8ee38bab16afae4852a1 av-styling-no-styling avia-align-center  avia-builder-el-5  el_after_av_textblock  el_before_av_textblock '  itemprop=\"image\" itemscope=\"itemscope\" itemtype=\"https:\/\/schema.org\/ImageObject\" ><div class=\"avia-image-container-inner\"><div class=\"avia-image-overlay-wrap\"><a href=\"https:\/\/waldertrueb.ch\/web\/wp-content\/uploads\/2017\/03\/Simulation.jpg\" data-srcset=\"https:\/\/waldertrueb.ch\/web\/wp-content\/uploads\/2017\/03\/Simulation.jpg 1000w, https:\/\/waldertrueb.ch\/web\/wp-content\/uploads\/2017\/03\/Simulation-300x196.jpg 300w, https:\/\/waldertrueb.ch\/web\/wp-content\/uploads\/2017\/03\/Simulation-768x502.jpg 768w, https:\/\/waldertrueb.ch\/web\/wp-content\/uploads\/2017\/03\/Simulation-705x460.jpg 705w, https:\/\/waldertrueb.ch\/web\/wp-content\/uploads\/2017\/03\/Simulation-450x294.jpg 450w\" data-sizes=\"(max-width: 1000px) 100vw, 1000px\" class='avia_image' ><img decoding=\"async\" class='wp-image-2285 avia-img-lazy-loading-not-2285 avia_image' src=\"https:\/\/waldertrueb.ch\/web\/wp-content\/uploads\/2017\/03\/Simulation.jpg\" alt='' title='Simulation'  height=\"653\" width=\"1000\"  itemprop=\"thumbnailUrl\" srcset=\"https:\/\/waldertrueb.ch\/web\/wp-content\/uploads\/2017\/03\/Simulation.jpg 1000w, https:\/\/waldertrueb.ch\/web\/wp-content\/uploads\/2017\/03\/Simulation-300x196.jpg 300w, https:\/\/waldertrueb.ch\/web\/wp-content\/uploads\/2017\/03\/Simulation-768x502.jpg 768w, https:\/\/waldertrueb.ch\/web\/wp-content\/uploads\/2017\/03\/Simulation-705x460.jpg 705w, https:\/\/waldertrueb.ch\/web\/wp-content\/uploads\/2017\/03\/Simulation-450x294.jpg 450w\" sizes=\"(max-width: 1000px) 100vw, 1000px\" \/><\/a><\/div><\/div><\/div><br \/>\n<section  class='av_textblock_section av-av_textblock-35972167d9f102c5ddaec0c531c98b9e'  itemscope=\"itemscope\" itemtype=\"https:\/\/schema.org\/BlogPosting\" itemprop=\"blogPost\" ><div class='avia_textblock'  itemprop=\"text\" ><p>Der Bereich Energiedaten-Management ist mit seinen zahlreichen Messstellen und den Langzeitspeicherm\u00f6glichkeiten von Verbrauchs- und Sensordaten eine wichtige Datenquelle f\u00fcr ein gesamtheitliches Lifecycle-Management. Eine laufende \u00dcberwachung dieser Energiedaten liefert rechtzeitig Hinweise auf fortschreitenden Verschleiss oder drohende St\u00f6rungen, welche direkt in die Zustandsbewertung von Anlagen einfliessen k\u00f6nnen.<br \/>\nIm Gegensatz zu den manuellen Zustandsbewertungen durch Kontrollg\u00e4nge und \u2013bewertungen, welche meistens nur in gr\u00f6sseren Zeitabst\u00e4nden durchgef\u00fchrt werden, ist eine automatische \u00dcberwachung des energetischen Verhaltens ein ideales Fr\u00fchwarnsystem.<\/p>\n<\/div><\/section><\/p><\/div>\n\n<style type=\"text\/css\" data-created_by=\"avia_inline_auto\" id=\"style-css-av-av_one_third-96b8b3e4602814b30fda83b599dc53bd\">\n.flex_column.av-av_one_third-96b8b3e4602814b30fda83b599dc53bd{\nborder-radius:0px 0px 0px 0px;\n-webkit-border-radius:0px 0px 0px 0px;\n-moz-border-radius:0px 0px 0px 0px;\n}\n<\/style>\n<div class='flex_column av-av_one_third-96b8b3e4602814b30fda83b599dc53bd av_one_third  avia-builder-el-7  el_after_av_two_third  el_before_av_textblock  flex_column_div av-zero-column-padding '   ><p><br \/>\n<\/p><\/div>\n<section  class='av_textblock_section av-av_textblock-35972167d9f102c5ddaec0c531c98b9e'  itemscope=\"itemscope\" itemtype=\"https:\/\/schema.org\/BlogPosting\" itemprop=\"blogPost\" ><div class='avia_textblock'  itemprop=\"text\" ><\/div><\/section>\n","protected":false},"excerpt":{"rendered":"","protected":false},"author":1,"featured_media":2844,"comment_status":"closed","ping_status":"closed","sticky":false,"template":"","format":"standard","meta":{"inline_featured_image":false,"_exactmetrics_skip_tracking":false,"_exactmetrics_sitenote_active":false,"_exactmetrics_sitenote_note":"","_exactmetrics_sitenote_category":0,"footnotes":""},"categories":[8],"tags":[],"class_list":["post-2282","post","type-post","status-publish","format-standard","has-post-thumbnail","hentry","category-energiedaten-cafm"],"yoast_head":"<!-- This site is optimized with the Yoast SEO plugin v19.12 - https:\/\/yoast.com\/wordpress\/plugins\/seo\/ -->\n<title>Innerhalb des Lifecycle Managements wird die gesamte Nutzungsphase von Geb\u00e4udeteilen oder Anlagen hinsichtlich Effizienz und Kosten betrachtet.<\/title>\n<meta name=\"description\" content=\"Der Bereich Energiedaten-Management ist mit seinen zahlreichen Messstellen und den Langzeitspeicherm\u00f6glichkeiten von Verbrauchs- und Sensordaten\" \/>\n<meta name=\"robots\" content=\"index, follow, max-snippet:-1, max-image-preview:large, max-video-preview:-1\" \/>\n<link rel=\"canonical\" href=\"https:\/\/waldertrueb.ch\/de\/cafm-lifecycle-management-energie\/\" \/>\n<meta property=\"og:locale\" content=\"fr_FR\" \/>\n<meta property=\"og:type\" content=\"article\" \/>\n<meta property=\"og:title\" content=\"Innerhalb des Lifecycle Managements wird die gesamte Nutzungsphase von Geb\u00e4udeteilen oder Anlagen hinsichtlich Effizienz und Kosten betrachtet.\" \/>\n<meta property=\"og:description\" content=\"Der Bereich Energiedaten-Management ist mit seinen zahlreichen Messstellen und den Langzeitspeicherm\u00f6glichkeiten von Verbrauchs- und Sensordaten\" \/>\n<meta property=\"og:url\" content=\"https:\/\/waldertrueb.ch\/de\/cafm-lifecycle-management-energie\/\" \/>\n<meta property=\"og:site_name\" content=\"Walder + Tr\u00fceb\" \/>\n<meta property=\"article:published_time\" content=\"2017-03-28T10:50:20+00:00\" \/>\n<meta property=\"article:modified_time\" content=\"2017-04-21T11:55:52+00:00\" \/>\n<meta property=\"og:image\" content=\"https:\/\/waldertrueb.ch\/web\/wp-content\/uploads\/2016\/11\/Lifecycle_Management-1.jpg\" \/>\n\t<meta property=\"og:image:width\" content=\"1000\" \/>\n\t<meta property=\"og:image:height\" content=\"642\" \/>\n\t<meta property=\"og:image:type\" content=\"image\/jpeg\" \/>\n<meta name=\"author\" content=\"BEA30friend\" \/>\n<meta name=\"twitter:card\" content=\"summary_large_image\" \/>\n<meta name=\"twitter:label1\" content=\"\u00c9crit par\" \/>\n\t<meta name=\"twitter:data1\" content=\"BEA30friend\" \/>\n\t<meta name=\"twitter:label2\" content=\"Dur\u00e9e de lecture estim\u00e9e\" \/>\n\t<meta name=\"twitter:data2\" content=\"3 minutes\" \/>\n<script type=\"application\/ld+json\" class=\"yoast-schema-graph\">{\"@context\":\"https:\/\/schema.org\",\"@graph\":[{\"@type\":\"WebPage\",\"@id\":\"https:\/\/waldertrueb.ch\/de\/cafm-lifecycle-management-energie\/\",\"url\":\"https:\/\/waldertrueb.ch\/de\/cafm-lifecycle-management-energie\/\",\"name\":\"Innerhalb des Lifecycle Managements wird die gesamte Nutzungsphase von Geb\u00e4udeteilen oder Anlagen hinsichtlich Effizienz und Kosten betrachtet.\",\"isPartOf\":{\"@id\":\"https:\/\/waldertrueb.ch\/de\/#website\"},\"datePublished\":\"2017-03-28T10:50:20+00:00\",\"dateModified\":\"2017-04-21T11:55:52+00:00\",\"author\":{\"@id\":\"https:\/\/waldertrueb.ch\/de\/#\/schema\/person\/46b899c3a733e502b28083cceca95c44\"},\"description\":\"Der Bereich Energiedaten-Management ist mit seinen zahlreichen Messstellen und den Langzeitspeicherm\u00f6glichkeiten von Verbrauchs- und Sensordaten\",\"breadcrumb\":{\"@id\":\"https:\/\/waldertrueb.ch\/de\/cafm-lifecycle-management-energie\/#breadcrumb\"},\"inLanguage\":\"fr-FR\",\"potentialAction\":[{\"@type\":\"ReadAction\",\"target\":[\"https:\/\/waldertrueb.ch\/de\/cafm-lifecycle-management-energie\/\"]}]},{\"@type\":\"BreadcrumbList\",\"@id\":\"https:\/\/waldertrueb.ch\/de\/cafm-lifecycle-management-energie\/#breadcrumb\",\"itemListElement\":[{\"@type\":\"ListItem\",\"position\":1,\"name\":\"Startseite\",\"item\":\"https:\/\/waldertrueb.ch\/fr\/\"},{\"@type\":\"ListItem\",\"position\":2,\"name\":\"Lifecycle-Management Energie\"}]},{\"@type\":\"WebSite\",\"@id\":\"https:\/\/waldertrueb.ch\/de\/#website\",\"url\":\"https:\/\/waldertrueb.ch\/de\/\",\"name\":\"Walder + Tr\u00fceb\",\"description\":\"Engineering AG\",\"potentialAction\":[{\"@type\":\"SearchAction\",\"target\":{\"@type\":\"EntryPoint\",\"urlTemplate\":\"https:\/\/waldertrueb.ch\/de\/?s={search_term_string}\"},\"query-input\":\"required name=search_term_string\"}],\"inLanguage\":\"fr-FR\"},{\"@type\":\"Person\",\"@id\":\"https:\/\/waldertrueb.ch\/de\/#\/schema\/person\/46b899c3a733e502b28083cceca95c44\",\"name\":\"BEA30friend\",\"image\":{\"@type\":\"ImageObject\",\"inLanguage\":\"fr-FR\",\"@id\":\"https:\/\/waldertrueb.ch\/de\/#\/schema\/person\/image\/\",\"url\":\"https:\/\/secure.gravatar.com\/avatar\/a8b946a749cec1d76d6c6744a7aeca8aafcb9cfc01ba4807f22165d44d96690a?s=96&d=mm&r=g\",\"contentUrl\":\"https:\/\/secure.gravatar.com\/avatar\/a8b946a749cec1d76d6c6744a7aeca8aafcb9cfc01ba4807f22165d44d96690a?s=96&d=mm&r=g\",\"caption\":\"BEA30friend\"},\"url\":\"https:\/\/waldertrueb.ch\/fr\/author\/bea30friend\/\"}]}<\/script>\n<!-- \/ Yoast SEO plugin. -->","yoast_head_json":{"title":"Innerhalb des Lifecycle Managements wird die gesamte Nutzungsphase von Geb\u00e4udeteilen oder Anlagen hinsichtlich Effizienz und Kosten betrachtet.","description":"Der Bereich Energiedaten-Management ist mit seinen zahlreichen Messstellen und den Langzeitspeicherm\u00f6glichkeiten von Verbrauchs- und Sensordaten","robots":{"index":"index","follow":"follow","max-snippet":"max-snippet:-1","max-image-preview":"max-image-preview:large","max-video-preview":"max-video-preview:-1"},"canonical":"https:\/\/waldertrueb.ch\/de\/cafm-lifecycle-management-energie\/","og_locale":"fr_FR","og_type":"article","og_title":"Innerhalb des Lifecycle Managements wird die gesamte Nutzungsphase von Geb\u00e4udeteilen oder Anlagen hinsichtlich Effizienz und Kosten betrachtet.","og_description":"Der Bereich Energiedaten-Management ist mit seinen zahlreichen Messstellen und den Langzeitspeicherm\u00f6glichkeiten von Verbrauchs- und Sensordaten","og_url":"https:\/\/waldertrueb.ch\/de\/cafm-lifecycle-management-energie\/","og_site_name":"Walder + Tr\u00fceb","article_published_time":"2017-03-28T10:50:20+00:00","article_modified_time":"2017-04-21T11:55:52+00:00","og_image":[{"width":1000,"height":642,"url":"https:\/\/waldertrueb.ch\/web\/wp-content\/uploads\/2016\/11\/Lifecycle_Management-1.jpg","type":"image\/jpeg"}],"author":"BEA30friend","twitter_card":"summary_large_image","twitter_misc":{"\u00c9crit par":"BEA30friend","Dur\u00e9e de lecture estim\u00e9e":"3 minutes"},"schema":{"@context":"https:\/\/schema.org","@graph":[{"@type":"WebPage","@id":"https:\/\/waldertrueb.ch\/de\/cafm-lifecycle-management-energie\/","url":"https:\/\/waldertrueb.ch\/de\/cafm-lifecycle-management-energie\/","name":"Innerhalb des Lifecycle Managements wird die gesamte Nutzungsphase von Geb\u00e4udeteilen oder Anlagen hinsichtlich Effizienz und Kosten betrachtet.","isPartOf":{"@id":"https:\/\/waldertrueb.ch\/de\/#website"},"datePublished":"2017-03-28T10:50:20+00:00","dateModified":"2017-04-21T11:55:52+00:00","author":{"@id":"https:\/\/waldertrueb.ch\/de\/#\/schema\/person\/46b899c3a733e502b28083cceca95c44"},"description":"Der Bereich Energiedaten-Management ist mit seinen zahlreichen Messstellen und den Langzeitspeicherm\u00f6glichkeiten von Verbrauchs- und Sensordaten","breadcrumb":{"@id":"https:\/\/waldertrueb.ch\/de\/cafm-lifecycle-management-energie\/#breadcrumb"},"inLanguage":"fr-FR","potentialAction":[{"@type":"ReadAction","target":["https:\/\/waldertrueb.ch\/de\/cafm-lifecycle-management-energie\/"]}]},{"@type":"BreadcrumbList","@id":"https:\/\/waldertrueb.ch\/de\/cafm-lifecycle-management-energie\/#breadcrumb","itemListElement":[{"@type":"ListItem","position":1,"name":"Startseite","item":"https:\/\/waldertrueb.ch\/fr\/"},{"@type":"ListItem","position":2,"name":"Lifecycle-Management Energie"}]},{"@type":"WebSite","@id":"https:\/\/waldertrueb.ch\/de\/#website","url":"https:\/\/waldertrueb.ch\/de\/","name":"Walder + Tr\u00fceb","description":"Engineering AG","potentialAction":[{"@type":"SearchAction","target":{"@type":"EntryPoint","urlTemplate":"https:\/\/waldertrueb.ch\/de\/?s={search_term_string}"},"query-input":"required name=search_term_string"}],"inLanguage":"fr-FR"},{"@type":"Person","@id":"https:\/\/waldertrueb.ch\/de\/#\/schema\/person\/46b899c3a733e502b28083cceca95c44","name":"BEA30friend","image":{"@type":"ImageObject","inLanguage":"fr-FR","@id":"https:\/\/waldertrueb.ch\/de\/#\/schema\/person\/image\/","url":"https:\/\/secure.gravatar.com\/avatar\/a8b946a749cec1d76d6c6744a7aeca8aafcb9cfc01ba4807f22165d44d96690a?s=96&d=mm&r=g","contentUrl":"https:\/\/secure.gravatar.com\/avatar\/a8b946a749cec1d76d6c6744a7aeca8aafcb9cfc01ba4807f22165d44d96690a?s=96&d=mm&r=g","caption":"BEA30friend"},"url":"https:\/\/waldertrueb.ch\/fr\/author\/bea30friend\/"}]}},"_links":{"self":[{"href":"https:\/\/waldertrueb.ch\/fr\/wp-json\/wp\/v2\/posts\/2282","targetHints":{"allow":["GET"]}}],"collection":[{"href":"https:\/\/waldertrueb.ch\/fr\/wp-json\/wp\/v2\/posts"}],"about":[{"href":"https:\/\/waldertrueb.ch\/fr\/wp-json\/wp\/v2\/types\/post"}],"author":[{"embeddable":true,"href":"https:\/\/waldertrueb.ch\/fr\/wp-json\/wp\/v2\/users\/1"}],"replies":[{"embeddable":true,"href":"https:\/\/waldertrueb.ch\/fr\/wp-json\/wp\/v2\/comments?post=2282"}],"version-history":[{"count":5,"href":"https:\/\/waldertrueb.ch\/fr\/wp-json\/wp\/v2\/posts\/2282\/revisions"}],"predecessor-version":[{"id":3623,"href":"https:\/\/waldertrueb.ch\/fr\/wp-json\/wp\/v2\/posts\/2282\/revisions\/3623"}],"wp:featuredmedia":[{"embeddable":true,"href":"https:\/\/waldertrueb.ch\/fr\/wp-json\/wp\/v2\/media\/2844"}],"wp:attachment":[{"href":"https:\/\/waldertrueb.ch\/fr\/wp-json\/wp\/v2\/media?parent=2282"}],"wp:term":[{"taxonomy":"category","embeddable":true,"href":"https:\/\/waldertrueb.ch\/fr\/wp-json\/wp\/v2\/categories?post=2282"},{"taxonomy":"post_tag","embeddable":true,"href":"https:\/\/waldertrueb.ch\/fr\/wp-json\/wp\/v2\/tags?post=2282"}],"curies":[{"name":"wp","href":"https:\/\/api.w.org\/{rel}","templated":true}]}}