{"id":6137,"date":"2020-06-09T13:47:39","date_gmt":"2020-06-09T11:47:39","guid":{"rendered":"https:\/\/waldertrueb.ch\/?p=6137"},"modified":"2020-06-09T14:51:12","modified_gmt":"2020-06-09T12:51:12","slug":"onlineseminar2020","status":"publish","type":"post","link":"https:\/\/waldertrueb.ch\/fr\/onlineseminar2020\/","title":{"rendered":"CAD + BIM Online Seminar 2020"},"content":{"rendered":"\n<style type=\"text\/css\" data-created_by=\"avia_inline_auto\" id=\"style-css-av-lzwq81-59f625f28bf3345cdb6ae68e0591b255\">\n.avia-section.av-lzwq81-59f625f28bf3345cdb6ae68e0591b255{\nbackground-repeat:no-repeat;\nbackground-image:url(https:\/\/waldertrueb.ch\/web\/wp-content\/uploads\/2016\/11\/Definitv_ohnepunkte.jpg);\nbackground-position:0% 0%;\nbackground-attachment:scroll;\n}\n<\/style>\n<div id='av_section_1'  class='avia-section av-lzwq81-59f625f28bf3345cdb6ae68e0591b255 main_color avia-section-no-padding avia-no-border-styling  avia-builder-el-0  el_before_av_two_third  avia-builder-el-first  avia-bg-style-scroll av-minimum-height av-minimum-height-custom  container_wrap fullsize'  data-section-bg-repeat='no-repeat'><div class='container av-section-cont-open' style='height:135px'><main  role=\"main\" itemprop=\"mainContentOfPage\"  class='template-page content  av-content-full alpha units'><div class='post-entry post-entry-type-page post-entry-6137'><div class='entry-content-wrapper clearfix'>\n\n<style type=\"text\/css\" data-created_by=\"avia_inline_auto\" id=\"style-css-av-klu68x-13e48a931f0bc4545c0a996f21e8f8e1\">\n.flex_column.av-klu68x-13e48a931f0bc4545c0a996f21e8f8e1{\nborder-radius:0px 0px 0px 0px;\n-webkit-border-radius:0px 0px 0px 0px;\n-moz-border-radius:0px 0px 0px 0px;\n}\n<\/style>\n<div class='flex_column av-klu68x-13e48a931f0bc4545c0a996f21e8f8e1 av_one_full  avia-builder-el-1  avia-builder-el-no-sibling  first flex_column_div av-zero-column-padding '   ><style type=\"text\/css\" data-created_by=\"avia_inline_auto\" id=\"style-css-av-kb7ll7hv-682ad1be9bde6dd8fb32de8eb87c1a2e\">\n#top .av-special-heading.av-kb7ll7hv-682ad1be9bde6dd8fb32de8eb87c1a2e{\npadding-bottom:10px;\n}\nbody .av-special-heading.av-kb7ll7hv-682ad1be9bde6dd8fb32de8eb87c1a2e .av-special-heading-tag .heading-char{\nfont-size:25px;\n}\n.av-special-heading.av-kb7ll7hv-682ad1be9bde6dd8fb32de8eb87c1a2e .av-subheading{\nfont-size:15px;\n}\n<\/style>\n<div  class='av-special-heading av-kb7ll7hv-682ad1be9bde6dd8fb32de8eb87c1a2e av-special-heading-h1 blockquote modern-quote  avia-builder-el-2  avia-builder-el-no-sibling '><h1 class='av-special-heading-tag'  itemprop=\"headline\"  >CAD + BIM Online Seminar 2020<\/h1><div class=\"special-heading-border\"><div class=\"special-heading-inner-border\"><\/div><\/div><\/div><\/div>\n<\/div><\/div><\/main><!-- close content main element --><\/div><\/div><div id='after_section_1'  class='main_color av_default_container_wrap container_wrap fullsize'  ><div class='container av-section-cont-open' ><div class='template-page content  av-content-full alpha units'><div class='post-entry post-entry-type-page post-entry-6137'><div class='entry-content-wrapper clearfix'>\n\n<style type=\"text\/css\" data-created_by=\"avia_inline_auto\" id=\"style-css-av-3if3m1-24569b2c079cbd8de7f66c75925dd5be\">\n.flex_column.av-3if3m1-24569b2c079cbd8de7f66c75925dd5be{\nborder-radius:0px 0px 0px 0px;\n-webkit-border-radius:0px 0px 0px 0px;\n-moz-border-radius:0px 0px 0px 0px;\n}\n<\/style>\n<div class='flex_column av-3if3m1-24569b2c079cbd8de7f66c75925dd5be av_two_third  avia-builder-el-3  el_after_av_section  el_before_av_one_third  avia-builder-el-first  first flex_column_div av-zero-column-padding '   ><p><section  class='av_textblock_section av-kb7o9dqm-d7af6c4407ecf2d536c2ad76750e83c3'  itemscope=\"itemscope\" itemtype=\"https:\/\/schema.org\/BlogPosting\" itemprop=\"blogPost\" ><div class='avia_textblock'  itemprop=\"text\" ><p>Herzlich willkommen zu unserem CAD + BIM Online Seminar 2020.<\/p>\n<p><strong>Autodesk News<\/strong><\/p>\n<p>Martin Tr\u00fceb<\/p>\n<\/div><\/section><br \/>\n<section  class='av_textblock_section av-kb7lz8te-17e8d4d1332d9d1addebddb4e8c015e3'  itemscope=\"itemscope\" itemtype=\"https:\/\/schema.org\/BlogPosting\" itemprop=\"blogPost\" ><div class='avia_textblock'  itemprop=\"text\" ><p><iframe loading=\"lazy\" src=\"https:\/\/www.youtube.com\/embed\/kvC4AkbvEGA\" width=\"560\" height=\"315\" frameborder=\"0\" allowfullscreen=\"allowfullscreen\"><\/iframe><\/p>\n<\/div><\/section><br \/>\n<section  class='av_textblock_section av-frjyc1-fef1f9120d1b8a0f6e84288f424dbeb5'  itemscope=\"itemscope\" itemtype=\"https:\/\/schema.org\/BlogPosting\" itemprop=\"blogPost\" ><div class='avia_textblock'  itemprop=\"text\" ><p><strong>Revit 2021<\/strong><\/p>\n<p>Lukas Pawlik<\/p>\n<\/div><\/section><br \/>\n<section  class='av_textblock_section av-cvhdsh-5b496bb6a9d9dcf693bdc7f937cc927d'  itemscope=\"itemscope\" itemtype=\"https:\/\/schema.org\/BlogPosting\" itemprop=\"blogPost\" ><div class='avia_textblock'  itemprop=\"text\" ><p><iframe loading=\"lazy\" src=\"https:\/\/www.youtube.com\/embed\/g69OxVHTZJ0\" width=\"560\" height=\"315\" frameborder=\"0\" allowfullscreen=\"allowfullscreen\"><\/iframe><\/p>\n<p><iframe loading=\"lazy\" src=\"https:\/\/www.youtube.com\/embed\/KDMUxtAfYnI\" width=\"560\" height=\"315\" frameborder=\"0\" allowfullscreen=\"allowfullscreen\"><\/iframe><\/p>\n<\/div><\/section><br \/>\n<section  class='av_textblock_section av-kb7phqa7-5e998b82773db3b3d24b22607a04a6ff'  itemscope=\"itemscope\" itemtype=\"https:\/\/schema.org\/BlogPosting\" itemprop=\"blogPost\" ><div class='avia_textblock'  itemprop=\"text\" ><p><strong>AutoCAD 2021<\/strong><\/p>\n<p>Markus Weber<\/p>\n<\/div><\/section><br \/>\n<section  class='av_textblock_section av-kb7plybp-890dcc07c30fbbb1f434031aadf04d77'  itemscope=\"itemscope\" itemtype=\"https:\/\/schema.org\/BlogPosting\" itemprop=\"blogPost\" ><div class='avia_textblock'  itemprop=\"text\" ><p><iframe loading=\"lazy\" src=\"https:\/\/www.youtube.com\/embed\/gSvfLUXgEdE\" width=\"560\" height=\"315\" frameborder=\"0\" allowfullscreen=\"allowfullscreen\"><\/iframe><\/p>\n<\/div><\/section><br \/>\n<section  class='av_textblock_section av-kb7phqa7-5e998b82773db3b3d24b22607a04a6ff'  itemscope=\"itemscope\" itemtype=\"https:\/\/schema.org\/BlogPosting\" itemprop=\"blogPost\" ><div class='avia_textblock'  itemprop=\"text\" ><p><strong>Autodesk Vault 2020 Demo\u00a0<\/strong><\/p>\n<p>Markus Weber<\/p>\n<\/div><\/section><br \/>\n<section  class='av_textblock_section av-kb7plybp-890dcc07c30fbbb1f434031aadf04d77'  itemscope=\"itemscope\" itemtype=\"https:\/\/schema.org\/BlogPosting\" itemprop=\"blogPost\" ><div class='avia_textblock'  itemprop=\"text\" ><p><iframe loading=\"lazy\" src=\"https:\/\/www.youtube.com\/embed\/zEjlKt2SCU4\" width=\"560\" height=\"315\" frameborder=\"0\" allowfullscreen=\"allowfullscreen\"><\/iframe><\/p>\n<\/div><\/section><\/p><\/div>\n<style type=\"text\/css\" data-created_by=\"avia_inline_auto\" id=\"style-css-av-6tjm1-410db8285cebcd7f7a14eca9a84a9b6c\">\n.flex_column.av-6tjm1-410db8285cebcd7f7a14eca9a84a9b6c{\nborder-radius:0px 0px 0px 0px;\n-webkit-border-radius:0px 0px 0px 0px;\n-moz-border-radius:0px 0px 0px 0px;\n}\n<\/style>\n<div class='flex_column av-6tjm1-410db8285cebcd7f7a14eca9a84a9b6c av_one_third  avia-builder-el-12  el_after_av_two_third  avia-builder-el-last  flex_column_div av-zero-column-padding '   ><p><br \/>\n<br \/>\n\n<style type=\"text\/css\" data-created_by=\"avia_inline_auto\" id=\"style-css-av-kb7x6oci-aaaa39eef2cf1ce89fd0aa5c19a019c1\">\n.avia-image-container.av-kb7x6oci-aaaa39eef2cf1ce89fd0aa5c19a019c1 .av-image-caption-overlay-center{\ncolor:#ffffff;\n}\n<\/style>\n<div  class='avia-image-container av-kb7x6oci-aaaa39eef2cf1ce89fd0aa5c19a019c1 av-styling- avia-align-center  avia-builder-el-15  el_after_av_codeblock  avia-builder-el-last '  itemprop=\"image\" itemscope=\"itemscope\" itemtype=\"https:\/\/schema.org\/ImageObject\" ><div class=\"avia-image-container-inner\"><div class=\"avia-image-overlay-wrap\"><img decoding=\"async\" class='wp-image-1900 avia-img-lazy-loading-not-1900 avia_image' src=\"https:\/\/waldertrueb.ch\/web\/wp-content\/uploads\/2017\/01\/LogoHexaGroup-WalderTrueb-1-300x300.png\" alt='' title='Logo HexaGroup Walder+Trueb'  height=\"300\" width=\"300\"  itemprop=\"thumbnailUrl\" srcset=\"https:\/\/waldertrueb.ch\/web\/wp-content\/uploads\/2017\/01\/LogoHexaGroup-WalderTrueb-1-300x300.png 300w, https:\/\/waldertrueb.ch\/web\/wp-content\/uploads\/2017\/01\/LogoHexaGroup-WalderTrueb-1-80x80.png 80w, https:\/\/waldertrueb.ch\/web\/wp-content\/uploads\/2017\/01\/LogoHexaGroup-WalderTrueb-1-36x36.png 36w, https:\/\/waldertrueb.ch\/web\/wp-content\/uploads\/2017\/01\/LogoHexaGroup-WalderTrueb-1-180x180.png 180w, https:\/\/waldertrueb.ch\/web\/wp-content\/uploads\/2017\/01\/LogoHexaGroup-WalderTrueb-1-120x120.png 120w, https:\/\/waldertrueb.ch\/web\/wp-content\/uploads\/2017\/01\/LogoHexaGroup-WalderTrueb-1-450x450.png 450w, https:\/\/waldertrueb.ch\/web\/wp-content\/uploads\/2017\/01\/LogoHexaGroup-WalderTrueb-1.png 500w\" sizes=\"(max-width: 300px) 100vw, 300px\" \/><\/div><\/div><\/div><\/p><\/div><\/p>\n","protected":false},"excerpt":{"rendered":"","protected":false},"author":5,"featured_media":0,"comment_status":"closed","ping_status":"closed","sticky":false,"template":"","format":"standard","meta":{"inline_featured_image":false,"_exactmetrics_skip_tracking":false,"_exactmetrics_sitenote_active":false,"_exactmetrics_sitenote_note":"","_exactmetrics_sitenote_category":0,"footnotes":""},"categories":[1],"tags":[],"class_list":["post-6137","post","type-post","status-publish","format-standard","hentry","category-unkategorisiert"],"yoast_head":"<!-- This site is optimized with the Yoast SEO plugin v19.12 - https:\/\/yoast.com\/wordpress\/plugins\/seo\/ -->\n<title>CAD + BIM Online Seminar 2020<\/title>\n<meta name=\"description\" content=\"Dieses Jahr findet das Seminar in einer Onlineversion statt.\" \/>\n<meta name=\"robots\" content=\"index, follow, max-snippet:-1, max-image-preview:large, max-video-preview:-1\" \/>\n<link rel=\"canonical\" href=\"https:\/\/waldertrueb.ch\/de\/onlineseminar2020\/\" \/>\n<meta property=\"og:locale\" content=\"fr_FR\" \/>\n<meta property=\"og:type\" content=\"article\" \/>\n<meta property=\"og:title\" content=\"CAD + BIM Online Seminar 2020\" \/>\n<meta property=\"og:description\" content=\"Dieses Jahr findet das Seminar in einer Onlineversion statt.\" \/>\n<meta property=\"og:url\" content=\"https:\/\/waldertrueb.ch\/de\/onlineseminar2020\/\" \/>\n<meta property=\"og:site_name\" content=\"Walder + Tr\u00fceb\" \/>\n<meta property=\"article:published_time\" content=\"2020-06-09T11:47:39+00:00\" \/>\n<meta property=\"article:modified_time\" content=\"2020-06-09T12:51:12+00:00\" \/>\n<meta name=\"author\" content=\"walder-trueb\" \/>\n<meta name=\"twitter:card\" content=\"summary_large_image\" \/>\n<meta name=\"twitter:label1\" content=\"\u00c9crit par\" \/>\n\t<meta name=\"twitter:data1\" content=\"walder-trueb\" \/>\n\t<meta name=\"twitter:label2\" content=\"Dur\u00e9e de lecture estim\u00e9e\" \/>\n\t<meta name=\"twitter:data2\" content=\"4 minutes\" \/>\n<script type=\"application\/ld+json\" class=\"yoast-schema-graph\">{\"@context\":\"https:\/\/schema.org\",\"@graph\":[{\"@type\":\"WebPage\",\"@id\":\"https:\/\/waldertrueb.ch\/de\/onlineseminar2020\/\",\"url\":\"https:\/\/waldertrueb.ch\/de\/onlineseminar2020\/\",\"name\":\"CAD + BIM Online Seminar 2020\",\"isPartOf\":{\"@id\":\"https:\/\/waldertrueb.ch\/de\/#website\"},\"datePublished\":\"2020-06-09T11:47:39+00:00\",\"dateModified\":\"2020-06-09T12:51:12+00:00\",\"author\":{\"@id\":\"https:\/\/waldertrueb.ch\/de\/#\/schema\/person\/6d14467b7c259ffe9061477c8eda26e3\"},\"description\":\"Dieses Jahr findet das Seminar in einer Onlineversion statt.\",\"breadcrumb\":{\"@id\":\"https:\/\/waldertrueb.ch\/de\/onlineseminar2020\/#breadcrumb\"},\"inLanguage\":\"fr-FR\",\"potentialAction\":[{\"@type\":\"ReadAction\",\"target\":[\"https:\/\/waldertrueb.ch\/de\/onlineseminar2020\/\"]}]},{\"@type\":\"BreadcrumbList\",\"@id\":\"https:\/\/waldertrueb.ch\/de\/onlineseminar2020\/#breadcrumb\",\"itemListElement\":[{\"@type\":\"ListItem\",\"position\":1,\"name\":\"Startseite\",\"item\":\"https:\/\/waldertrueb.ch\/fr\/\"},{\"@type\":\"ListItem\",\"position\":2,\"name\":\"CAD + BIM Online Seminar 2020\"}]},{\"@type\":\"WebSite\",\"@id\":\"https:\/\/waldertrueb.ch\/de\/#website\",\"url\":\"https:\/\/waldertrueb.ch\/de\/\",\"name\":\"Walder + Tr\u00fceb\",\"description\":\"Engineering AG\",\"potentialAction\":[{\"@type\":\"SearchAction\",\"target\":{\"@type\":\"EntryPoint\",\"urlTemplate\":\"https:\/\/waldertrueb.ch\/de\/?s={search_term_string}\"},\"query-input\":\"required name=search_term_string\"}],\"inLanguage\":\"fr-FR\"},{\"@type\":\"Person\",\"@id\":\"https:\/\/waldertrueb.ch\/de\/#\/schema\/person\/6d14467b7c259ffe9061477c8eda26e3\",\"name\":\"walder-trueb\",\"image\":{\"@type\":\"ImageObject\",\"inLanguage\":\"fr-FR\",\"@id\":\"https:\/\/waldertrueb.ch\/de\/#\/schema\/person\/image\/\",\"url\":\"https:\/\/secure.gravatar.com\/avatar\/fdadd6931ada479e6ba61310c92d17a3077427e4f5201976feae6021d93f711d?s=96&d=mm&r=g\",\"contentUrl\":\"https:\/\/secure.gravatar.com\/avatar\/fdadd6931ada479e6ba61310c92d17a3077427e4f5201976feae6021d93f711d?s=96&d=mm&r=g\",\"caption\":\"walder-trueb\"},\"url\":\"https:\/\/waldertrueb.ch\/fr\/author\/walder-trueb\/\"}]}<\/script>\n<!-- \/ Yoast SEO plugin. -->","yoast_head_json":{"title":"CAD + BIM Online Seminar 2020","description":"Dieses Jahr findet das Seminar in einer Onlineversion statt.","robots":{"index":"index","follow":"follow","max-snippet":"max-snippet:-1","max-image-preview":"max-image-preview:large","max-video-preview":"max-video-preview:-1"},"canonical":"https:\/\/waldertrueb.ch\/de\/onlineseminar2020\/","og_locale":"fr_FR","og_type":"article","og_title":"CAD + BIM Online Seminar 2020","og_description":"Dieses Jahr findet das Seminar in einer Onlineversion statt.","og_url":"https:\/\/waldertrueb.ch\/de\/onlineseminar2020\/","og_site_name":"Walder + Tr\u00fceb","article_published_time":"2020-06-09T11:47:39+00:00","article_modified_time":"2020-06-09T12:51:12+00:00","author":"walder-trueb","twitter_card":"summary_large_image","twitter_misc":{"\u00c9crit par":"walder-trueb","Dur\u00e9e de lecture estim\u00e9e":"4 minutes"},"schema":{"@context":"https:\/\/schema.org","@graph":[{"@type":"WebPage","@id":"https:\/\/waldertrueb.ch\/de\/onlineseminar2020\/","url":"https:\/\/waldertrueb.ch\/de\/onlineseminar2020\/","name":"CAD + BIM Online Seminar 2020","isPartOf":{"@id":"https:\/\/waldertrueb.ch\/de\/#website"},"datePublished":"2020-06-09T11:47:39+00:00","dateModified":"2020-06-09T12:51:12+00:00","author":{"@id":"https:\/\/waldertrueb.ch\/de\/#\/schema\/person\/6d14467b7c259ffe9061477c8eda26e3"},"description":"Dieses Jahr findet das Seminar in einer Onlineversion statt.","breadcrumb":{"@id":"https:\/\/waldertrueb.ch\/de\/onlineseminar2020\/#breadcrumb"},"inLanguage":"fr-FR","potentialAction":[{"@type":"ReadAction","target":["https:\/\/waldertrueb.ch\/de\/onlineseminar2020\/"]}]},{"@type":"BreadcrumbList","@id":"https:\/\/waldertrueb.ch\/de\/onlineseminar2020\/#breadcrumb","itemListElement":[{"@type":"ListItem","position":1,"name":"Startseite","item":"https:\/\/waldertrueb.ch\/fr\/"},{"@type":"ListItem","position":2,"name":"CAD + BIM Online Seminar 2020"}]},{"@type":"WebSite","@id":"https:\/\/waldertrueb.ch\/de\/#website","url":"https:\/\/waldertrueb.ch\/de\/","name":"Walder + Tr\u00fceb","description":"Engineering AG","potentialAction":[{"@type":"SearchAction","target":{"@type":"EntryPoint","urlTemplate":"https:\/\/waldertrueb.ch\/de\/?s={search_term_string}"},"query-input":"required name=search_term_string"}],"inLanguage":"fr-FR"},{"@type":"Person","@id":"https:\/\/waldertrueb.ch\/de\/#\/schema\/person\/6d14467b7c259ffe9061477c8eda26e3","name":"walder-trueb","image":{"@type":"ImageObject","inLanguage":"fr-FR","@id":"https:\/\/waldertrueb.ch\/de\/#\/schema\/person\/image\/","url":"https:\/\/secure.gravatar.com\/avatar\/fdadd6931ada479e6ba61310c92d17a3077427e4f5201976feae6021d93f711d?s=96&d=mm&r=g","contentUrl":"https:\/\/secure.gravatar.com\/avatar\/fdadd6931ada479e6ba61310c92d17a3077427e4f5201976feae6021d93f711d?s=96&d=mm&r=g","caption":"walder-trueb"},"url":"https:\/\/waldertrueb.ch\/fr\/author\/walder-trueb\/"}]}},"_links":{"self":[{"href":"https:\/\/waldertrueb.ch\/fr\/wp-json\/wp\/v2\/posts\/6137","targetHints":{"allow":["GET"]}}],"collection":[{"href":"https:\/\/waldertrueb.ch\/fr\/wp-json\/wp\/v2\/posts"}],"about":[{"href":"https:\/\/waldertrueb.ch\/fr\/wp-json\/wp\/v2\/types\/post"}],"author":[{"embeddable":true,"href":"https:\/\/waldertrueb.ch\/fr\/wp-json\/wp\/v2\/users\/5"}],"replies":[{"embeddable":true,"href":"https:\/\/waldertrueb.ch\/fr\/wp-json\/wp\/v2\/comments?post=6137"}],"version-history":[{"count":8,"href":"https:\/\/waldertrueb.ch\/fr\/wp-json\/wp\/v2\/posts\/6137\/revisions"}],"predecessor-version":[{"id":6276,"href":"https:\/\/waldertrueb.ch\/fr\/wp-json\/wp\/v2\/posts\/6137\/revisions\/6276"}],"wp:attachment":[{"href":"https:\/\/waldertrueb.ch\/fr\/wp-json\/wp\/v2\/media?parent=6137"}],"wp:term":[{"taxonomy":"category","embeddable":true,"href":"https:\/\/waldertrueb.ch\/fr\/wp-json\/wp\/v2\/categories?post=6137"},{"taxonomy":"post_tag","embeddable":true,"href":"https:\/\/waldertrueb.ch\/fr\/wp-json\/wp\/v2\/tags?post=6137"}],"curies":[{"name":"wp","href":"https:\/\/api.w.org\/{rel}","templated":true}]}}